{"id":27973,"date":"2026-04-25T19:00:36","date_gmt":"2026-04-25T17:00:36","guid":{"rendered":"https:\/\/forum-photovoltaik.de\/photovoltaikforum\/voraussetzung-fuer-schwarzstartfaehigkeit-solax-x3-hybrid\/"},"modified":"2026-04-25T19:00:36","modified_gmt":"2026-04-25T17:00:36","slug":"voraussetzung-fuer-schwarzstartfaehigkeit-solax-x3-hybrid","status":"publish","type":"post","link":"https:\/\/forum-photovoltaik.de\/photovoltaikforum\/voraussetzung-fuer-schwarzstartfaehigkeit-solax-x3-hybrid\/","title":{"rendered":"Voraussetzung f\u00fcr Schwarzstartf\u00e4higkeit SolaX X3 Hybrid"},"content":{"rendered":"","protected":false},"excerpt":{"rendered":"","protected":false},"author":1,"featured_media":0,"comment_status":"open","ping_status":"open","sticky":false,"template":"","format":"standard","meta":{"footnotes":""},"categories":[12],"tags":[670,1726,1725,1723,13,1724],"class_list":["post-27973","post","type-post","status-publish","format-standard","hentry","category-fragen-und-antworten","tag-energiespeicher","tag-hybridwechselrichter","tag-netzunabhaengiger-betrieb","tag-schwarzstartfaehigkeit","tag-solaranlage","tag-solax-x3-hybrid"],"yoast_head":"<!-- This site is optimized with the Yoast SEO plugin v27.4 - https:\/\/yoast.com\/product\/yoast-seo-wordpress\/ -->\n<title>Voraussetzung f\u00fcr Schwarzstartf\u00e4higkeit SolaX X3 Hybrid Erfahrungen im Solarforum<\/title>\n<meta name=\"description\" content=\"Voraussetzung f\u00fcr Schwarzstartf\u00e4higkeit SolaX X3 Hybrid Erfahrungen im Solarforum\" \/>\n<meta name=\"robots\" content=\"index, follow, max-snippet:-1, max-image-preview:large, max-video-preview:-1\" \/>\n<link rel=\"canonical\" href=\"https:\/\/forum-photovoltaik.de\/photovoltaikforum\/voraussetzung-fuer-schwarzstartfaehigkeit-solax-x3-hybrid\/\" \/>\n<meta property=\"og:locale\" content=\"de_DE\" \/>\n<meta property=\"og:type\" content=\"article\" \/>\n<meta property=\"og:title\" content=\"Voraussetzung f\u00fcr Schwarzstartf\u00e4higkeit SolaX X3 Hybrid Erfahrungen im Solarforum\" \/>\n<meta property=\"og:description\" content=\"Voraussetzung f\u00fcr Schwarzstartf\u00e4higkeit SolaX X3 Hybrid Erfahrungen im Solarforum\" \/>\n<meta property=\"og:url\" content=\"https:\/\/forum-photovoltaik.de\/photovoltaikforum\/voraussetzung-fuer-schwarzstartfaehigkeit-solax-x3-hybrid\/\" \/>\n<meta property=\"og:site_name\" content=\"Erfahrungen im Solarforum\" \/>\n<meta property=\"article:published_time\" content=\"2026-04-25T17:00:36+00:00\" \/>\n<meta name=\"author\" content=\"Tom\" \/>\n<meta name=\"twitter:card\" content=\"summary_large_image\" \/>\n<meta name=\"twitter:label1\" content=\"Verfasst von\" \/>\n\t<meta name=\"twitter:data1\" content=\"Tom\" \/>\n<script type=\"application\/ld+json\" class=\"yoast-schema-graph\">{\"@context\":\"https:\\\/\\\/schema.org\",\"@graph\":[{\"@type\":\"Article\",\"@id\":\"https:\\\/\\\/forum-photovoltaik.de\\\/photovoltaikforum\\\/voraussetzung-fuer-schwarzstartfaehigkeit-solax-x3-hybrid\\\/#article\",\"isPartOf\":{\"@id\":\"https:\\\/\\\/forum-photovoltaik.de\\\/photovoltaikforum\\\/voraussetzung-fuer-schwarzstartfaehigkeit-solax-x3-hybrid\\\/\"},\"author\":{\"name\":\"Tom\",\"@id\":\"https:\\\/\\\/forum-photovoltaik.de\\\/photovoltaikforum\\\/#\\\/schema\\\/person\\\/36fea05166b7392b2973d49ea345024e\"},\"headline\":\"Voraussetzung f\u00fcr Schwarzstartf\u00e4higkeit SolaX X3 Hybrid\",\"datePublished\":\"2026-04-25T17:00:36+00:00\",\"mainEntityOfPage\":{\"@id\":\"https:\\\/\\\/forum-photovoltaik.de\\\/photovoltaikforum\\\/voraussetzung-fuer-schwarzstartfaehigkeit-solax-x3-hybrid\\\/\"},\"wordCount\":8,\"commentCount\":0,\"keywords\":[\"Energiespeicher\",\"Hybridwechselrichter\",\"Netzunabh\u00e4ngiger Betrieb\",\"Schwarzstartf\u00e4higkeit\",\"solaranlage\",\"SolaX X3 Hybrid\"],\"articleSection\":[\"Fragen und Antworten\"],\"inLanguage\":\"de\",\"potentialAction\":[{\"@type\":\"CommentAction\",\"name\":\"Comment\",\"target\":[\"https:\\\/\\\/forum-photovoltaik.de\\\/photovoltaikforum\\\/voraussetzung-fuer-schwarzstartfaehigkeit-solax-x3-hybrid\\\/#respond\"]}]},{\"@type\":\"WebPage\",\"@id\":\"https:\\\/\\\/forum-photovoltaik.de\\\/photovoltaikforum\\\/voraussetzung-fuer-schwarzstartfaehigkeit-solax-x3-hybrid\\\/\",\"url\":\"https:\\\/\\\/forum-photovoltaik.de\\\/photovoltaikforum\\\/voraussetzung-fuer-schwarzstartfaehigkeit-solax-x3-hybrid\\\/\",\"name\":\"Voraussetzung f\u00fcr Schwarzstartf\u00e4higkeit SolaX X3 Hybrid Erfahrungen im Solarforum\",\"isPartOf\":{\"@id\":\"https:\\\/\\\/forum-photovoltaik.de\\\/photovoltaikforum\\\/#website\"},\"datePublished\":\"2026-04-25T17:00:36+00:00\",\"author\":{\"@id\":\"https:\\\/\\\/forum-photovoltaik.de\\\/photovoltaikforum\\\/#\\\/schema\\\/person\\\/36fea05166b7392b2973d49ea345024e\"},\"description\":\"Voraussetzung f\u00fcr Schwarzstartf\u00e4higkeit SolaX X3 Hybrid Erfahrungen im Solarforum\",\"breadcrumb\":{\"@id\":\"https:\\\/\\\/forum-photovoltaik.de\\\/photovoltaikforum\\\/voraussetzung-fuer-schwarzstartfaehigkeit-solax-x3-hybrid\\\/#breadcrumb\"},\"inLanguage\":\"de\",\"potentialAction\":[{\"@type\":\"ReadAction\",\"target\":[\"https:\\\/\\\/forum-photovoltaik.de\\\/photovoltaikforum\\\/voraussetzung-fuer-schwarzstartfaehigkeit-solax-x3-hybrid\\\/\"]}]},{\"@type\":\"BreadcrumbList\",\"@id\":\"https:\\\/\\\/forum-photovoltaik.de\\\/photovoltaikforum\\\/voraussetzung-fuer-schwarzstartfaehigkeit-solax-x3-hybrid\\\/#breadcrumb\",\"itemListElement\":[{\"@type\":\"ListItem\",\"position\":1,\"name\":\"Start\",\"item\":\"https:\\\/\\\/forum-photovoltaik.de\\\/photovoltaikforum\\\/\"},{\"@type\":\"ListItem\",\"position\":2,\"name\":\"Voraussetzung f\u00fcr Schwarzstartf\u00e4higkeit SolaX X3 Hybrid\"}]},{\"@type\":\"WebSite\",\"@id\":\"https:\\\/\\\/forum-photovoltaik.de\\\/photovoltaikforum\\\/#website\",\"url\":\"https:\\\/\\\/forum-photovoltaik.de\\\/photovoltaikforum\\\/\",\"name\":\"Photovoltaikforum\",\"description\":\"Meinungsfreiheit und Austausch zum Thema Solar\",\"potentialAction\":[{\"@type\":\"SearchAction\",\"target\":{\"@type\":\"EntryPoint\",\"urlTemplate\":\"https:\\\/\\\/forum-photovoltaik.de\\\/photovoltaikforum\\\/?s={search_term_string}\"},\"query-input\":{\"@type\":\"PropertyValueSpecification\",\"valueRequired\":true,\"valueName\":\"search_term_string\"}}],\"inLanguage\":\"de\"},{\"@type\":\"Person\",\"@id\":\"https:\\\/\\\/forum-photovoltaik.de\\\/photovoltaikforum\\\/#\\\/schema\\\/person\\\/36fea05166b7392b2973d49ea345024e\",\"name\":\"Tom\",\"image\":{\"@type\":\"ImageObject\",\"inLanguage\":\"de\",\"@id\":\"https:\\\/\\\/secure.gravatar.com\\\/avatar\\\/05671912a08b3219f4182b04a184d14a6d04f3f6c0ccc9fa118f15e8a825373f?s=96&d=mm&r=g\",\"url\":\"https:\\\/\\\/secure.gravatar.com\\\/avatar\\\/05671912a08b3219f4182b04a184d14a6d04f3f6c0ccc9fa118f15e8a825373f?s=96&d=mm&r=g\",\"contentUrl\":\"https:\\\/\\\/secure.gravatar.com\\\/avatar\\\/05671912a08b3219f4182b04a184d14a6d04f3f6c0ccc9fa118f15e8a825373f?s=96&d=mm&r=g\",\"caption\":\"Tom\"},\"sameAs\":[\"https:\\\/\\\/forum-photovoltaik.de\\\/photovoltaikforum\"],\"url\":\"https:\\\/\\\/forum-photovoltaik.de\\\/photovoltaikforum\\\/author\\\/tommi\\\/\"}]}<\/script>\n<!-- \/ Yoast SEO plugin. -->","yoast_head_json":{"title":"Voraussetzung f\u00fcr Schwarzstartf\u00e4higkeit SolaX X3 Hybrid Erfahrungen im Solarforum","description":"Voraussetzung f\u00fcr Schwarzstartf\u00e4higkeit SolaX X3 Hybrid Erfahrungen im Solarforum","robots":{"index":"index","follow":"follow","max-snippet":"max-snippet:-1","max-image-preview":"max-image-preview:large","max-video-preview":"max-video-preview:-1"},"canonical":"https:\/\/forum-photovoltaik.de\/photovoltaikforum\/voraussetzung-fuer-schwarzstartfaehigkeit-solax-x3-hybrid\/","og_locale":"de_DE","og_type":"article","og_title":"Voraussetzung f\u00fcr Schwarzstartf\u00e4higkeit SolaX X3 Hybrid Erfahrungen im Solarforum","og_description":"Voraussetzung f\u00fcr Schwarzstartf\u00e4higkeit SolaX X3 Hybrid Erfahrungen im Solarforum","og_url":"https:\/\/forum-photovoltaik.de\/photovoltaikforum\/voraussetzung-fuer-schwarzstartfaehigkeit-solax-x3-hybrid\/","og_site_name":"Erfahrungen im Solarforum","article_published_time":"2026-04-25T17:00:36+00:00","author":"Tom","twitter_card":"summary_large_image","twitter_misc":{"Verfasst von":"Tom"},"schema":{"@context":"https:\/\/schema.org","@graph":[{"@type":"Article","@id":"https:\/\/forum-photovoltaik.de\/photovoltaikforum\/voraussetzung-fuer-schwarzstartfaehigkeit-solax-x3-hybrid\/#article","isPartOf":{"@id":"https:\/\/forum-photovoltaik.de\/photovoltaikforum\/voraussetzung-fuer-schwarzstartfaehigkeit-solax-x3-hybrid\/"},"author":{"name":"Tom","@id":"https:\/\/forum-photovoltaik.de\/photovoltaikforum\/#\/schema\/person\/36fea05166b7392b2973d49ea345024e"},"headline":"Voraussetzung f\u00fcr Schwarzstartf\u00e4higkeit SolaX X3 Hybrid","datePublished":"2026-04-25T17:00:36+00:00","mainEntityOfPage":{"@id":"https:\/\/forum-photovoltaik.de\/photovoltaikforum\/voraussetzung-fuer-schwarzstartfaehigkeit-solax-x3-hybrid\/"},"wordCount":8,"commentCount":0,"keywords":["Energiespeicher","Hybridwechselrichter","Netzunabh\u00e4ngiger Betrieb","Schwarzstartf\u00e4higkeit","solaranlage","SolaX X3 Hybrid"],"articleSection":["Fragen und Antworten"],"inLanguage":"de","potentialAction":[{"@type":"CommentAction","name":"Comment","target":["https:\/\/forum-photovoltaik.de\/photovoltaikforum\/voraussetzung-fuer-schwarzstartfaehigkeit-solax-x3-hybrid\/#respond"]}]},{"@type":"WebPage","@id":"https:\/\/forum-photovoltaik.de\/photovoltaikforum\/voraussetzung-fuer-schwarzstartfaehigkeit-solax-x3-hybrid\/","url":"https:\/\/forum-photovoltaik.de\/photovoltaikforum\/voraussetzung-fuer-schwarzstartfaehigkeit-solax-x3-hybrid\/","name":"Voraussetzung f\u00fcr Schwarzstartf\u00e4higkeit SolaX X3 Hybrid Erfahrungen im Solarforum","isPartOf":{"@id":"https:\/\/forum-photovoltaik.de\/photovoltaikforum\/#website"},"datePublished":"2026-04-25T17:00:36+00:00","author":{"@id":"https:\/\/forum-photovoltaik.de\/photovoltaikforum\/#\/schema\/person\/36fea05166b7392b2973d49ea345024e"},"description":"Voraussetzung f\u00fcr Schwarzstartf\u00e4higkeit SolaX X3 Hybrid Erfahrungen im Solarforum","breadcrumb":{"@id":"https:\/\/forum-photovoltaik.de\/photovoltaikforum\/voraussetzung-fuer-schwarzstartfaehigkeit-solax-x3-hybrid\/#breadcrumb"},"inLanguage":"de","potentialAction":[{"@type":"ReadAction","target":["https:\/\/forum-photovoltaik.de\/photovoltaikforum\/voraussetzung-fuer-schwarzstartfaehigkeit-solax-x3-hybrid\/"]}]},{"@type":"BreadcrumbList","@id":"https:\/\/forum-photovoltaik.de\/photovoltaikforum\/voraussetzung-fuer-schwarzstartfaehigkeit-solax-x3-hybrid\/#breadcrumb","itemListElement":[{"@type":"ListItem","position":1,"name":"Start","item":"https:\/\/forum-photovoltaik.de\/photovoltaikforum\/"},{"@type":"ListItem","position":2,"name":"Voraussetzung f\u00fcr Schwarzstartf\u00e4higkeit SolaX X3 Hybrid"}]},{"@type":"WebSite","@id":"https:\/\/forum-photovoltaik.de\/photovoltaikforum\/#website","url":"https:\/\/forum-photovoltaik.de\/photovoltaikforum\/","name":"Photovoltaikforum","description":"Meinungsfreiheit und Austausch zum Thema Solar","potentialAction":[{"@type":"SearchAction","target":{"@type":"EntryPoint","urlTemplate":"https:\/\/forum-photovoltaik.de\/photovoltaikforum\/?s={search_term_string}"},"query-input":{"@type":"PropertyValueSpecification","valueRequired":true,"valueName":"search_term_string"}}],"inLanguage":"de"},{"@type":"Person","@id":"https:\/\/forum-photovoltaik.de\/photovoltaikforum\/#\/schema\/person\/36fea05166b7392b2973d49ea345024e","name":"Tom","image":{"@type":"ImageObject","inLanguage":"de","@id":"https:\/\/secure.gravatar.com\/avatar\/05671912a08b3219f4182b04a184d14a6d04f3f6c0ccc9fa118f15e8a825373f?s=96&d=mm&r=g","url":"https:\/\/secure.gravatar.com\/avatar\/05671912a08b3219f4182b04a184d14a6d04f3f6c0ccc9fa118f15e8a825373f?s=96&d=mm&r=g","contentUrl":"https:\/\/secure.gravatar.com\/avatar\/05671912a08b3219f4182b04a184d14a6d04f3f6c0ccc9fa118f15e8a825373f?s=96&d=mm&r=g","caption":"Tom"},"sameAs":["https:\/\/forum-photovoltaik.de\/photovoltaikforum"],"url":"https:\/\/forum-photovoltaik.de\/photovoltaikforum\/author\/tommi\/"}]}},"_links":{"self":[{"href":"https:\/\/forum-photovoltaik.de\/photovoltaikforum\/wp-json\/wp\/v2\/posts\/27973","targetHints":{"allow":["GET"]}}],"collection":[{"href":"https:\/\/forum-photovoltaik.de\/photovoltaikforum\/wp-json\/wp\/v2\/posts"}],"about":[{"href":"https:\/\/forum-photovoltaik.de\/photovoltaikforum\/wp-json\/wp\/v2\/types\/post"}],"author":[{"embeddable":true,"href":"https:\/\/forum-photovoltaik.de\/photovoltaikforum\/wp-json\/wp\/v2\/users\/1"}],"replies":[{"embeddable":true,"href":"https:\/\/forum-photovoltaik.de\/photovoltaikforum\/wp-json\/wp\/v2\/comments?post=27973"}],"version-history":[{"count":0,"href":"https:\/\/forum-photovoltaik.de\/photovoltaikforum\/wp-json\/wp\/v2\/posts\/27973\/revisions"}],"wp:attachment":[{"href":"https:\/\/forum-photovoltaik.de\/photovoltaikforum\/wp-json\/wp\/v2\/media?parent=27973"}],"wp:term":[{"taxonomy":"category","embeddable":true,"href":"https:\/\/forum-photovoltaik.de\/photovoltaikforum\/wp-json\/wp\/v2\/categories?post=27973"},{"taxonomy":"post_tag","embeddable":true,"href":"https:\/\/forum-photovoltaik.de\/photovoltaikforum\/wp-json\/wp\/v2\/tags?post=27973"}],"curies":[{"name":"wp","href":"https:\/\/api.w.org\/{rel}","templated":true}]}}