{"id":2272,"date":"2026-02-28T12:59:34","date_gmt":"2026-02-28T11:59:34","guid":{"rendered":"https:\/\/forum-photovoltaik.de\/photovoltaikforum\/2026\/02\/28\/offer-17-freiland-solarpark-in-neuen-bundeslaendern-erhaeltlich-photovoltaikforum\/"},"modified":"2026-02-28T12:59:34","modified_gmt":"2026-02-28T11:59:34","slug":"offer-17-freiland-solarpark-in-neuen-bundeslaendern-erhaeltlich-photovoltaikforum","status":"publish","type":"post","link":"https:\/\/forum-photovoltaik.de\/photovoltaikforum\/offer-17-freiland-solarpark-in-neuen-bundeslaendern-erhaeltlich-photovoltaikforum\/","title":{"rendered":"Offer:  1,7 Freiland Solarpark in neuen Bundesl\u00e4ndern erh\u00e4ltlich &#8211; Photovoltaikforum"},"content":{"rendered":"<p>1,7 Freiland Solarpark in neuen Bundesl\u00e4ndern erh\u00e4ltlichInbetriebnahme 2014Bei der PV Anlage wurde beste Technik von einem Namenhaften GU verbautPrognose Erl\u00f6se im vollen Jahr 157.800 EuroFern\u00fcberwachung Wartungsvertrag Pacht J\u00e4hrlichWeitere\u2026<\/p>\n<p>Sun, 22 Jan 2023 07:52:00 +0000<\/p>\n","protected":false},"excerpt":{"rendered":"<p>1,7 Freiland Solarpark in neuen Bundesl\u00e4ndern erh\u00e4ltlichInbetriebnahme 2014Bei der PV Anlage wurde beste Technik von einem Namenhaften GU verbautPrognose Erl\u00f6se im vollen Jahr 157.800 EuroFern\u00fcberwachung Wartungsvertrag Pacht J\u00e4hrlichWeitere\u2026 Sun, 22 Jan 2023 07:52:00 +0000<\/p>\n","protected":false},"author":1,"featured_media":0,"comment_status":"open","ping_status":"open","sticky":false,"template":"","format":"standard","meta":{"footnotes":""},"categories":[1],"tags":[],"class_list":["post-2272","post","type-post","status-publish","format-standard","hentry","category-solaranzeigen"],"yoast_head":"<!-- This site is optimized with the Yoast SEO plugin v27.4 - https:\/\/yoast.com\/product\/yoast-seo-wordpress\/ -->\n<title>Offer: 1,7 Freiland Solarpark in neuen Bundesl\u00e4ndern erh\u00e4ltlich - Photovoltaikforum Erfahrungen im Solarforum<\/title>\n<meta name=\"description\" content=\"Offer: 1,7 Freiland Solarpark in neuen Bundesl\u00e4ndern erh\u00e4ltlich - Photovoltaikforum Erfahrungen im Solarforum\" \/>\n<meta name=\"robots\" content=\"index, follow, max-snippet:-1, max-image-preview:large, max-video-preview:-1\" \/>\n<link rel=\"canonical\" href=\"https:\/\/forum-photovoltaik.de\/photovoltaikforum\/offer-17-freiland-solarpark-in-neuen-bundeslaendern-erhaeltlich-photovoltaikforum\/\" \/>\n<meta property=\"og:locale\" content=\"de_DE\" \/>\n<meta property=\"og:type\" content=\"article\" \/>\n<meta property=\"og:title\" content=\"Offer: 1,7 Freiland Solarpark in neuen Bundesl\u00e4ndern erh\u00e4ltlich - Photovoltaikforum Erfahrungen im Solarforum\" \/>\n<meta property=\"og:description\" content=\"Offer: 1,7 Freiland Solarpark in neuen Bundesl\u00e4ndern erh\u00e4ltlich - Photovoltaikforum Erfahrungen im Solarforum\" \/>\n<meta property=\"og:url\" content=\"https:\/\/forum-photovoltaik.de\/photovoltaikforum\/offer-17-freiland-solarpark-in-neuen-bundeslaendern-erhaeltlich-photovoltaikforum\/\" \/>\n<meta property=\"og:site_name\" content=\"Erfahrungen im Solarforum\" \/>\n<meta property=\"article:published_time\" content=\"2026-02-28T11:59:34+00:00\" \/>\n<meta name=\"author\" content=\"Tom\" \/>\n<meta name=\"twitter:card\" content=\"summary_large_image\" \/>\n<meta name=\"twitter:label1\" content=\"Verfasst von\" \/>\n\t<meta name=\"twitter:data1\" content=\"Tom\" \/>\n<script type=\"application\/ld+json\" class=\"yoast-schema-graph\">{\"@context\":\"https:\\\/\\\/schema.org\",\"@graph\":[{\"@type\":\"Article\",\"@id\":\"https:\\\/\\\/forum-photovoltaik.de\\\/photovoltaikforum\\\/offer-17-freiland-solarpark-in-neuen-bundeslaendern-erhaeltlich-photovoltaikforum\\\/#article\",\"isPartOf\":{\"@id\":\"https:\\\/\\\/forum-photovoltaik.de\\\/photovoltaikforum\\\/offer-17-freiland-solarpark-in-neuen-bundeslaendern-erhaeltlich-photovoltaikforum\\\/\"},\"author\":{\"name\":\"Tom\",\"@id\":\"https:\\\/\\\/forum-photovoltaik.de\\\/photovoltaikforum\\\/#\\\/schema\\\/person\\\/36fea05166b7392b2973d49ea345024e\"},\"headline\":\"Offer: 1,7 Freiland Solarpark in neuen Bundesl\u00e4ndern erh\u00e4ltlich &#8211; Photovoltaikforum\",\"datePublished\":\"2026-02-28T11:59:34+00:00\",\"mainEntityOfPage\":{\"@id\":\"https:\\\/\\\/forum-photovoltaik.de\\\/photovoltaikforum\\\/offer-17-freiland-solarpark-in-neuen-bundeslaendern-erhaeltlich-photovoltaikforum\\\/\"},\"wordCount\":44,\"commentCount\":0,\"articleSection\":[\"Solaranzeigen\"],\"inLanguage\":\"de\",\"potentialAction\":[{\"@type\":\"CommentAction\",\"name\":\"Comment\",\"target\":[\"https:\\\/\\\/forum-photovoltaik.de\\\/photovoltaikforum\\\/offer-17-freiland-solarpark-in-neuen-bundeslaendern-erhaeltlich-photovoltaikforum\\\/#respond\"]}]},{\"@type\":\"WebPage\",\"@id\":\"https:\\\/\\\/forum-photovoltaik.de\\\/photovoltaikforum\\\/offer-17-freiland-solarpark-in-neuen-bundeslaendern-erhaeltlich-photovoltaikforum\\\/\",\"url\":\"https:\\\/\\\/forum-photovoltaik.de\\\/photovoltaikforum\\\/offer-17-freiland-solarpark-in-neuen-bundeslaendern-erhaeltlich-photovoltaikforum\\\/\",\"name\":\"Offer: 1,7 Freiland Solarpark in neuen Bundesl\u00e4ndern erh\u00e4ltlich - Photovoltaikforum Erfahrungen im Solarforum\",\"isPartOf\":{\"@id\":\"https:\\\/\\\/forum-photovoltaik.de\\\/photovoltaikforum\\\/#website\"},\"datePublished\":\"2026-02-28T11:59:34+00:00\",\"author\":{\"@id\":\"https:\\\/\\\/forum-photovoltaik.de\\\/photovoltaikforum\\\/#\\\/schema\\\/person\\\/36fea05166b7392b2973d49ea345024e\"},\"description\":\"Offer: 1,7 Freiland Solarpark in neuen Bundesl\u00e4ndern erh\u00e4ltlich - Photovoltaikforum Erfahrungen im Solarforum\",\"breadcrumb\":{\"@id\":\"https:\\\/\\\/forum-photovoltaik.de\\\/photovoltaikforum\\\/offer-17-freiland-solarpark-in-neuen-bundeslaendern-erhaeltlich-photovoltaikforum\\\/#breadcrumb\"},\"inLanguage\":\"de\",\"potentialAction\":[{\"@type\":\"ReadAction\",\"target\":[\"https:\\\/\\\/forum-photovoltaik.de\\\/photovoltaikforum\\\/offer-17-freiland-solarpark-in-neuen-bundeslaendern-erhaeltlich-photovoltaikforum\\\/\"]}]},{\"@type\":\"BreadcrumbList\",\"@id\":\"https:\\\/\\\/forum-photovoltaik.de\\\/photovoltaikforum\\\/offer-17-freiland-solarpark-in-neuen-bundeslaendern-erhaeltlich-photovoltaikforum\\\/#breadcrumb\",\"itemListElement\":[{\"@type\":\"ListItem\",\"position\":1,\"name\":\"Start\",\"item\":\"https:\\\/\\\/forum-photovoltaik.de\\\/photovoltaikforum\\\/\"},{\"@type\":\"ListItem\",\"position\":2,\"name\":\"Offer: 1,7 Freiland Solarpark in neuen Bundesl\u00e4ndern erh\u00e4ltlich &#8211; Photovoltaikforum\"}]},{\"@type\":\"WebSite\",\"@id\":\"https:\\\/\\\/forum-photovoltaik.de\\\/photovoltaikforum\\\/#website\",\"url\":\"https:\\\/\\\/forum-photovoltaik.de\\\/photovoltaikforum\\\/\",\"name\":\"Photovoltaikforum\",\"description\":\"Meinungsfreiheit und Austausch zum Thema Solar\",\"potentialAction\":[{\"@type\":\"SearchAction\",\"target\":{\"@type\":\"EntryPoint\",\"urlTemplate\":\"https:\\\/\\\/forum-photovoltaik.de\\\/photovoltaikforum\\\/?s={search_term_string}\"},\"query-input\":{\"@type\":\"PropertyValueSpecification\",\"valueRequired\":true,\"valueName\":\"search_term_string\"}}],\"inLanguage\":\"de\"},{\"@type\":\"Person\",\"@id\":\"https:\\\/\\\/forum-photovoltaik.de\\\/photovoltaikforum\\\/#\\\/schema\\\/person\\\/36fea05166b7392b2973d49ea345024e\",\"name\":\"Tom\",\"image\":{\"@type\":\"ImageObject\",\"inLanguage\":\"de\",\"@id\":\"https:\\\/\\\/secure.gravatar.com\\\/avatar\\\/05671912a08b3219f4182b04a184d14a6d04f3f6c0ccc9fa118f15e8a825373f?s=96&d=mm&r=g\",\"url\":\"https:\\\/\\\/secure.gravatar.com\\\/avatar\\\/05671912a08b3219f4182b04a184d14a6d04f3f6c0ccc9fa118f15e8a825373f?s=96&d=mm&r=g\",\"contentUrl\":\"https:\\\/\\\/secure.gravatar.com\\\/avatar\\\/05671912a08b3219f4182b04a184d14a6d04f3f6c0ccc9fa118f15e8a825373f?s=96&d=mm&r=g\",\"caption\":\"Tom\"},\"sameAs\":[\"https:\\\/\\\/forum-photovoltaik.de\\\/photovoltaikforum\"],\"url\":\"https:\\\/\\\/forum-photovoltaik.de\\\/photovoltaikforum\\\/author\\\/tommi\\\/\"}]}<\/script>\n<!-- \/ Yoast SEO plugin. -->","yoast_head_json":{"title":"Offer: 1,7 Freiland Solarpark in neuen Bundesl\u00e4ndern erh\u00e4ltlich - Photovoltaikforum Erfahrungen im Solarforum","description":"Offer: 1,7 Freiland Solarpark in neuen Bundesl\u00e4ndern erh\u00e4ltlich - Photovoltaikforum Erfahrungen im Solarforum","robots":{"index":"index","follow":"follow","max-snippet":"max-snippet:-1","max-image-preview":"max-image-preview:large","max-video-preview":"max-video-preview:-1"},"canonical":"https:\/\/forum-photovoltaik.de\/photovoltaikforum\/offer-17-freiland-solarpark-in-neuen-bundeslaendern-erhaeltlich-photovoltaikforum\/","og_locale":"de_DE","og_type":"article","og_title":"Offer: 1,7 Freiland Solarpark in neuen Bundesl\u00e4ndern erh\u00e4ltlich - Photovoltaikforum Erfahrungen im Solarforum","og_description":"Offer: 1,7 Freiland Solarpark in neuen Bundesl\u00e4ndern erh\u00e4ltlich - Photovoltaikforum Erfahrungen im Solarforum","og_url":"https:\/\/forum-photovoltaik.de\/photovoltaikforum\/offer-17-freiland-solarpark-in-neuen-bundeslaendern-erhaeltlich-photovoltaikforum\/","og_site_name":"Erfahrungen im Solarforum","article_published_time":"2026-02-28T11:59:34+00:00","author":"Tom","twitter_card":"summary_large_image","twitter_misc":{"Verfasst von":"Tom"},"schema":{"@context":"https:\/\/schema.org","@graph":[{"@type":"Article","@id":"https:\/\/forum-photovoltaik.de\/photovoltaikforum\/offer-17-freiland-solarpark-in-neuen-bundeslaendern-erhaeltlich-photovoltaikforum\/#article","isPartOf":{"@id":"https:\/\/forum-photovoltaik.de\/photovoltaikforum\/offer-17-freiland-solarpark-in-neuen-bundeslaendern-erhaeltlich-photovoltaikforum\/"},"author":{"name":"Tom","@id":"https:\/\/forum-photovoltaik.de\/photovoltaikforum\/#\/schema\/person\/36fea05166b7392b2973d49ea345024e"},"headline":"Offer: 1,7 Freiland Solarpark in neuen Bundesl\u00e4ndern erh\u00e4ltlich &#8211; Photovoltaikforum","datePublished":"2026-02-28T11:59:34+00:00","mainEntityOfPage":{"@id":"https:\/\/forum-photovoltaik.de\/photovoltaikforum\/offer-17-freiland-solarpark-in-neuen-bundeslaendern-erhaeltlich-photovoltaikforum\/"},"wordCount":44,"commentCount":0,"articleSection":["Solaranzeigen"],"inLanguage":"de","potentialAction":[{"@type":"CommentAction","name":"Comment","target":["https:\/\/forum-photovoltaik.de\/photovoltaikforum\/offer-17-freiland-solarpark-in-neuen-bundeslaendern-erhaeltlich-photovoltaikforum\/#respond"]}]},{"@type":"WebPage","@id":"https:\/\/forum-photovoltaik.de\/photovoltaikforum\/offer-17-freiland-solarpark-in-neuen-bundeslaendern-erhaeltlich-photovoltaikforum\/","url":"https:\/\/forum-photovoltaik.de\/photovoltaikforum\/offer-17-freiland-solarpark-in-neuen-bundeslaendern-erhaeltlich-photovoltaikforum\/","name":"Offer: 1,7 Freiland Solarpark in neuen Bundesl\u00e4ndern erh\u00e4ltlich - Photovoltaikforum Erfahrungen im Solarforum","isPartOf":{"@id":"https:\/\/forum-photovoltaik.de\/photovoltaikforum\/#website"},"datePublished":"2026-02-28T11:59:34+00:00","author":{"@id":"https:\/\/forum-photovoltaik.de\/photovoltaikforum\/#\/schema\/person\/36fea05166b7392b2973d49ea345024e"},"description":"Offer: 1,7 Freiland Solarpark in neuen Bundesl\u00e4ndern erh\u00e4ltlich - Photovoltaikforum Erfahrungen im Solarforum","breadcrumb":{"@id":"https:\/\/forum-photovoltaik.de\/photovoltaikforum\/offer-17-freiland-solarpark-in-neuen-bundeslaendern-erhaeltlich-photovoltaikforum\/#breadcrumb"},"inLanguage":"de","potentialAction":[{"@type":"ReadAction","target":["https:\/\/forum-photovoltaik.de\/photovoltaikforum\/offer-17-freiland-solarpark-in-neuen-bundeslaendern-erhaeltlich-photovoltaikforum\/"]}]},{"@type":"BreadcrumbList","@id":"https:\/\/forum-photovoltaik.de\/photovoltaikforum\/offer-17-freiland-solarpark-in-neuen-bundeslaendern-erhaeltlich-photovoltaikforum\/#breadcrumb","itemListElement":[{"@type":"ListItem","position":1,"name":"Start","item":"https:\/\/forum-photovoltaik.de\/photovoltaikforum\/"},{"@type":"ListItem","position":2,"name":"Offer: 1,7 Freiland Solarpark in neuen Bundesl\u00e4ndern erh\u00e4ltlich &#8211; Photovoltaikforum"}]},{"@type":"WebSite","@id":"https:\/\/forum-photovoltaik.de\/photovoltaikforum\/#website","url":"https:\/\/forum-photovoltaik.de\/photovoltaikforum\/","name":"Photovoltaikforum","description":"Meinungsfreiheit und Austausch zum Thema Solar","potentialAction":[{"@type":"SearchAction","target":{"@type":"EntryPoint","urlTemplate":"https:\/\/forum-photovoltaik.de\/photovoltaikforum\/?s={search_term_string}"},"query-input":{"@type":"PropertyValueSpecification","valueRequired":true,"valueName":"search_term_string"}}],"inLanguage":"de"},{"@type":"Person","@id":"https:\/\/forum-photovoltaik.de\/photovoltaikforum\/#\/schema\/person\/36fea05166b7392b2973d49ea345024e","name":"Tom","image":{"@type":"ImageObject","inLanguage":"de","@id":"https:\/\/secure.gravatar.com\/avatar\/05671912a08b3219f4182b04a184d14a6d04f3f6c0ccc9fa118f15e8a825373f?s=96&d=mm&r=g","url":"https:\/\/secure.gravatar.com\/avatar\/05671912a08b3219f4182b04a184d14a6d04f3f6c0ccc9fa118f15e8a825373f?s=96&d=mm&r=g","contentUrl":"https:\/\/secure.gravatar.com\/avatar\/05671912a08b3219f4182b04a184d14a6d04f3f6c0ccc9fa118f15e8a825373f?s=96&d=mm&r=g","caption":"Tom"},"sameAs":["https:\/\/forum-photovoltaik.de\/photovoltaikforum"],"url":"https:\/\/forum-photovoltaik.de\/photovoltaikforum\/author\/tommi\/"}]}},"_links":{"self":[{"href":"https:\/\/forum-photovoltaik.de\/photovoltaikforum\/wp-json\/wp\/v2\/posts\/2272","targetHints":{"allow":["GET"]}}],"collection":[{"href":"https:\/\/forum-photovoltaik.de\/photovoltaikforum\/wp-json\/wp\/v2\/posts"}],"about":[{"href":"https:\/\/forum-photovoltaik.de\/photovoltaikforum\/wp-json\/wp\/v2\/types\/post"}],"author":[{"embeddable":true,"href":"https:\/\/forum-photovoltaik.de\/photovoltaikforum\/wp-json\/wp\/v2\/users\/1"}],"replies":[{"embeddable":true,"href":"https:\/\/forum-photovoltaik.de\/photovoltaikforum\/wp-json\/wp\/v2\/comments?post=2272"}],"version-history":[{"count":0,"href":"https:\/\/forum-photovoltaik.de\/photovoltaikforum\/wp-json\/wp\/v2\/posts\/2272\/revisions"}],"wp:attachment":[{"href":"https:\/\/forum-photovoltaik.de\/photovoltaikforum\/wp-json\/wp\/v2\/media?parent=2272"}],"wp:term":[{"taxonomy":"category","embeddable":true,"href":"https:\/\/forum-photovoltaik.de\/photovoltaikforum\/wp-json\/wp\/v2\/categories?post=2272"},{"taxonomy":"post_tag","embeddable":true,"href":"https:\/\/forum-photovoltaik.de\/photovoltaikforum\/wp-json\/wp\/v2\/tags?post=2272"}],"curies":[{"name":"wp","href":"https:\/\/api.w.org\/{rel}","templated":true}]}}