{"id":2260,"date":"2026-02-28T12:59:34","date_gmt":"2026-02-28T11:59:34","guid":{"rendered":"https:\/\/forum-photovoltaik.de\/photovoltaikforum\/2026\/02\/28\/offer-diverse-freiflaechen-projektrechte-mit-pacht-oder-kaufgrundstueck-erhaeltlich-photovoltaikforum\/"},"modified":"2026-02-28T12:59:34","modified_gmt":"2026-02-28T11:59:34","slug":"offer-diverse-freiflaechen-projektrechte-mit-pacht-oder-kaufgrundstueck-erhaeltlich-photovoltaikforum","status":"publish","type":"post","link":"https:\/\/forum-photovoltaik.de\/photovoltaikforum\/offer-diverse-freiflaechen-projektrechte-mit-pacht-oder-kaufgrundstueck-erhaeltlich-photovoltaikforum\/","title":{"rendered":"Offer: Diverse Freifl\u00e4chen Projektrechte   mit Pacht oder Kaufgrundst\u00fcck erh\u00e4ltlich &#8211; Photovoltaikforum"},"content":{"rendered":"<p>2,6 MW Freifl\u00e4che in neuen Bundesl\u00e4ndernBaureif Ende April 2016Option Pacht oder Kaufgrundst\u00fcckOhne Ausschreibung1,3 MW Freifl\u00e4che in neuen Bundesl\u00e4ndernBaureif Ende Juni 2016Option Pacht oder Kaufgrundst\u00fcckOhne Ausschreibung1 MW Freifl\u00e4che in\u2026<\/p>\n<p>Sun, 22 Jan 2023 07:52:00 +0000<\/p>\n","protected":false},"excerpt":{"rendered":"<p>2,6 MW Freifl\u00e4che in neuen Bundesl\u00e4ndernBaureif Ende April 2016Option Pacht oder Kaufgrundst\u00fcckOhne Ausschreibung1,3 MW Freifl\u00e4che in neuen Bundesl\u00e4ndernBaureif Ende Juni 2016Option Pacht oder Kaufgrundst\u00fcckOhne Ausschreibung1 MW Freifl\u00e4che in\u2026 Sun, 22 Jan 2023 07:52:00 +0000<\/p>\n","protected":false},"author":1,"featured_media":0,"comment_status":"open","ping_status":"open","sticky":false,"template":"","format":"standard","meta":{"footnotes":""},"categories":[1],"tags":[],"class_list":["post-2260","post","type-post","status-publish","format-standard","hentry","category-solaranzeigen"],"yoast_head":"<!-- This site is optimized with the Yoast SEO plugin v27.5 - https:\/\/yoast.com\/product\/yoast-seo-wordpress\/ -->\n<title>Offer: Diverse Freifl\u00e4chen Projektrechte  mit Pacht oder Kaufgrundst\u00fcck erh\u00e4ltlich - Photovoltaikforum Erfahrungen im Solarforum<\/title>\n<meta name=\"description\" content=\"Offer: Diverse Freifl\u00e4chen Projektrechte  mit Pacht oder Kaufgrundst\u00fcck erh\u00e4ltlich - Photovoltaikforum Erfahrungen im Solarforum\" \/>\n<meta name=\"robots\" content=\"index, follow, max-snippet:-1, max-image-preview:large, max-video-preview:-1\" \/>\n<link rel=\"canonical\" href=\"https:\/\/forum-photovoltaik.de\/photovoltaikforum\/offer-diverse-freiflaechen-projektrechte-mit-pacht-oder-kaufgrundstueck-erhaeltlich-photovoltaikforum\/\" \/>\n<meta property=\"og:locale\" content=\"de_DE\" \/>\n<meta property=\"og:type\" content=\"article\" \/>\n<meta property=\"og:title\" content=\"Offer: Diverse Freifl\u00e4chen Projektrechte  mit Pacht oder Kaufgrundst\u00fcck erh\u00e4ltlich - Photovoltaikforum Erfahrungen im Solarforum\" \/>\n<meta property=\"og:description\" content=\"Offer: Diverse Freifl\u00e4chen Projektrechte  mit Pacht oder Kaufgrundst\u00fcck erh\u00e4ltlich - Photovoltaikforum Erfahrungen im Solarforum\" \/>\n<meta property=\"og:url\" content=\"https:\/\/forum-photovoltaik.de\/photovoltaikforum\/offer-diverse-freiflaechen-projektrechte-mit-pacht-oder-kaufgrundstueck-erhaeltlich-photovoltaikforum\/\" \/>\n<meta property=\"og:site_name\" content=\"Erfahrungen im Solarforum\" \/>\n<meta property=\"article:published_time\" content=\"2026-02-28T11:59:34+00:00\" \/>\n<meta name=\"author\" content=\"Tom\" \/>\n<meta name=\"twitter:card\" content=\"summary_large_image\" \/>\n<meta name=\"twitter:label1\" content=\"Verfasst von\" \/>\n\t<meta name=\"twitter:data1\" content=\"Tom\" \/>\n<script type=\"application\/ld+json\" class=\"yoast-schema-graph\">{\"@context\":\"https:\\\/\\\/schema.org\",\"@graph\":[{\"@type\":\"Article\",\"@id\":\"https:\\\/\\\/forum-photovoltaik.de\\\/photovoltaikforum\\\/offer-diverse-freiflaechen-projektrechte-mit-pacht-oder-kaufgrundstueck-erhaeltlich-photovoltaikforum\\\/#article\",\"isPartOf\":{\"@id\":\"https:\\\/\\\/forum-photovoltaik.de\\\/photovoltaikforum\\\/offer-diverse-freiflaechen-projektrechte-mit-pacht-oder-kaufgrundstueck-erhaeltlich-photovoltaikforum\\\/\"},\"author\":{\"name\":\"Tom\",\"@id\":\"https:\\\/\\\/forum-photovoltaik.de\\\/photovoltaikforum\\\/#\\\/schema\\\/person\\\/36fea05166b7392b2973d49ea345024e\"},\"headline\":\"Offer: Diverse Freifl\u00e4chen Projektrechte mit Pacht oder Kaufgrundst\u00fcck erh\u00e4ltlich &#8211; Photovoltaikforum\",\"datePublished\":\"2026-02-28T11:59:34+00:00\",\"mainEntityOfPage\":{\"@id\":\"https:\\\/\\\/forum-photovoltaik.de\\\/photovoltaikforum\\\/offer-diverse-freiflaechen-projektrechte-mit-pacht-oder-kaufgrundstueck-erhaeltlich-photovoltaikforum\\\/\"},\"wordCount\":50,\"commentCount\":0,\"articleSection\":[\"Solaranzeigen\"],\"inLanguage\":\"de\",\"potentialAction\":[{\"@type\":\"CommentAction\",\"name\":\"Comment\",\"target\":[\"https:\\\/\\\/forum-photovoltaik.de\\\/photovoltaikforum\\\/offer-diverse-freiflaechen-projektrechte-mit-pacht-oder-kaufgrundstueck-erhaeltlich-photovoltaikforum\\\/#respond\"]}]},{\"@type\":\"WebPage\",\"@id\":\"https:\\\/\\\/forum-photovoltaik.de\\\/photovoltaikforum\\\/offer-diverse-freiflaechen-projektrechte-mit-pacht-oder-kaufgrundstueck-erhaeltlich-photovoltaikforum\\\/\",\"url\":\"https:\\\/\\\/forum-photovoltaik.de\\\/photovoltaikforum\\\/offer-diverse-freiflaechen-projektrechte-mit-pacht-oder-kaufgrundstueck-erhaeltlich-photovoltaikforum\\\/\",\"name\":\"Offer: Diverse Freifl\u00e4chen Projektrechte mit Pacht oder Kaufgrundst\u00fcck erh\u00e4ltlich - Photovoltaikforum Erfahrungen im Solarforum\",\"isPartOf\":{\"@id\":\"https:\\\/\\\/forum-photovoltaik.de\\\/photovoltaikforum\\\/#website\"},\"datePublished\":\"2026-02-28T11:59:34+00:00\",\"author\":{\"@id\":\"https:\\\/\\\/forum-photovoltaik.de\\\/photovoltaikforum\\\/#\\\/schema\\\/person\\\/36fea05166b7392b2973d49ea345024e\"},\"description\":\"Offer: Diverse Freifl\u00e4chen Projektrechte mit Pacht oder Kaufgrundst\u00fcck erh\u00e4ltlich - Photovoltaikforum Erfahrungen im Solarforum\",\"breadcrumb\":{\"@id\":\"https:\\\/\\\/forum-photovoltaik.de\\\/photovoltaikforum\\\/offer-diverse-freiflaechen-projektrechte-mit-pacht-oder-kaufgrundstueck-erhaeltlich-photovoltaikforum\\\/#breadcrumb\"},\"inLanguage\":\"de\",\"potentialAction\":[{\"@type\":\"ReadAction\",\"target\":[\"https:\\\/\\\/forum-photovoltaik.de\\\/photovoltaikforum\\\/offer-diverse-freiflaechen-projektrechte-mit-pacht-oder-kaufgrundstueck-erhaeltlich-photovoltaikforum\\\/\"]}]},{\"@type\":\"BreadcrumbList\",\"@id\":\"https:\\\/\\\/forum-photovoltaik.de\\\/photovoltaikforum\\\/offer-diverse-freiflaechen-projektrechte-mit-pacht-oder-kaufgrundstueck-erhaeltlich-photovoltaikforum\\\/#breadcrumb\",\"itemListElement\":[{\"@type\":\"ListItem\",\"position\":1,\"name\":\"Start\",\"item\":\"https:\\\/\\\/forum-photovoltaik.de\\\/photovoltaikforum\\\/\"},{\"@type\":\"ListItem\",\"position\":2,\"name\":\"Offer: Diverse Freifl\u00e4chen Projektrechte mit Pacht oder Kaufgrundst\u00fcck erh\u00e4ltlich &#8211; Photovoltaikforum\"}]},{\"@type\":\"WebSite\",\"@id\":\"https:\\\/\\\/forum-photovoltaik.de\\\/photovoltaikforum\\\/#website\",\"url\":\"https:\\\/\\\/forum-photovoltaik.de\\\/photovoltaikforum\\\/\",\"name\":\"Photovoltaikforum\",\"description\":\"Meinungsfreiheit und Austausch zum Thema Solar\",\"potentialAction\":[{\"@type\":\"SearchAction\",\"target\":{\"@type\":\"EntryPoint\",\"urlTemplate\":\"https:\\\/\\\/forum-photovoltaik.de\\\/photovoltaikforum\\\/?s={search_term_string}\"},\"query-input\":{\"@type\":\"PropertyValueSpecification\",\"valueRequired\":true,\"valueName\":\"search_term_string\"}}],\"inLanguage\":\"de\"},{\"@type\":\"Person\",\"@id\":\"https:\\\/\\\/forum-photovoltaik.de\\\/photovoltaikforum\\\/#\\\/schema\\\/person\\\/36fea05166b7392b2973d49ea345024e\",\"name\":\"Tom\",\"image\":{\"@type\":\"ImageObject\",\"inLanguage\":\"de\",\"@id\":\"https:\\\/\\\/secure.gravatar.com\\\/avatar\\\/05671912a08b3219f4182b04a184d14a6d04f3f6c0ccc9fa118f15e8a825373f?s=96&d=mm&r=g\",\"url\":\"https:\\\/\\\/secure.gravatar.com\\\/avatar\\\/05671912a08b3219f4182b04a184d14a6d04f3f6c0ccc9fa118f15e8a825373f?s=96&d=mm&r=g\",\"contentUrl\":\"https:\\\/\\\/secure.gravatar.com\\\/avatar\\\/05671912a08b3219f4182b04a184d14a6d04f3f6c0ccc9fa118f15e8a825373f?s=96&d=mm&r=g\",\"caption\":\"Tom\"},\"sameAs\":[\"https:\\\/\\\/forum-photovoltaik.de\\\/photovoltaikforum\"],\"url\":\"https:\\\/\\\/forum-photovoltaik.de\\\/photovoltaikforum\\\/author\\\/tommi\\\/\"}]}<\/script>\n<!-- \/ Yoast SEO plugin. -->","yoast_head_json":{"title":"Offer: Diverse Freifl\u00e4chen Projektrechte  mit Pacht oder Kaufgrundst\u00fcck erh\u00e4ltlich - Photovoltaikforum Erfahrungen im Solarforum","description":"Offer: Diverse Freifl\u00e4chen Projektrechte  mit Pacht oder Kaufgrundst\u00fcck erh\u00e4ltlich - Photovoltaikforum Erfahrungen im Solarforum","robots":{"index":"index","follow":"follow","max-snippet":"max-snippet:-1","max-image-preview":"max-image-preview:large","max-video-preview":"max-video-preview:-1"},"canonical":"https:\/\/forum-photovoltaik.de\/photovoltaikforum\/offer-diverse-freiflaechen-projektrechte-mit-pacht-oder-kaufgrundstueck-erhaeltlich-photovoltaikforum\/","og_locale":"de_DE","og_type":"article","og_title":"Offer: Diverse Freifl\u00e4chen Projektrechte  mit Pacht oder Kaufgrundst\u00fcck erh\u00e4ltlich - Photovoltaikforum Erfahrungen im Solarforum","og_description":"Offer: Diverse Freifl\u00e4chen Projektrechte  mit Pacht oder Kaufgrundst\u00fcck erh\u00e4ltlich - Photovoltaikforum Erfahrungen im Solarforum","og_url":"https:\/\/forum-photovoltaik.de\/photovoltaikforum\/offer-diverse-freiflaechen-projektrechte-mit-pacht-oder-kaufgrundstueck-erhaeltlich-photovoltaikforum\/","og_site_name":"Erfahrungen im Solarforum","article_published_time":"2026-02-28T11:59:34+00:00","author":"Tom","twitter_card":"summary_large_image","twitter_misc":{"Verfasst von":"Tom"},"schema":{"@context":"https:\/\/schema.org","@graph":[{"@type":"Article","@id":"https:\/\/forum-photovoltaik.de\/photovoltaikforum\/offer-diverse-freiflaechen-projektrechte-mit-pacht-oder-kaufgrundstueck-erhaeltlich-photovoltaikforum\/#article","isPartOf":{"@id":"https:\/\/forum-photovoltaik.de\/photovoltaikforum\/offer-diverse-freiflaechen-projektrechte-mit-pacht-oder-kaufgrundstueck-erhaeltlich-photovoltaikforum\/"},"author":{"name":"Tom","@id":"https:\/\/forum-photovoltaik.de\/photovoltaikforum\/#\/schema\/person\/36fea05166b7392b2973d49ea345024e"},"headline":"Offer: Diverse Freifl\u00e4chen Projektrechte mit Pacht oder Kaufgrundst\u00fcck erh\u00e4ltlich &#8211; Photovoltaikforum","datePublished":"2026-02-28T11:59:34+00:00","mainEntityOfPage":{"@id":"https:\/\/forum-photovoltaik.de\/photovoltaikforum\/offer-diverse-freiflaechen-projektrechte-mit-pacht-oder-kaufgrundstueck-erhaeltlich-photovoltaikforum\/"},"wordCount":50,"commentCount":0,"articleSection":["Solaranzeigen"],"inLanguage":"de","potentialAction":[{"@type":"CommentAction","name":"Comment","target":["https:\/\/forum-photovoltaik.de\/photovoltaikforum\/offer-diverse-freiflaechen-projektrechte-mit-pacht-oder-kaufgrundstueck-erhaeltlich-photovoltaikforum\/#respond"]}]},{"@type":"WebPage","@id":"https:\/\/forum-photovoltaik.de\/photovoltaikforum\/offer-diverse-freiflaechen-projektrechte-mit-pacht-oder-kaufgrundstueck-erhaeltlich-photovoltaikforum\/","url":"https:\/\/forum-photovoltaik.de\/photovoltaikforum\/offer-diverse-freiflaechen-projektrechte-mit-pacht-oder-kaufgrundstueck-erhaeltlich-photovoltaikforum\/","name":"Offer: Diverse Freifl\u00e4chen Projektrechte mit Pacht oder Kaufgrundst\u00fcck erh\u00e4ltlich - Photovoltaikforum Erfahrungen im Solarforum","isPartOf":{"@id":"https:\/\/forum-photovoltaik.de\/photovoltaikforum\/#website"},"datePublished":"2026-02-28T11:59:34+00:00","author":{"@id":"https:\/\/forum-photovoltaik.de\/photovoltaikforum\/#\/schema\/person\/36fea05166b7392b2973d49ea345024e"},"description":"Offer: Diverse Freifl\u00e4chen Projektrechte mit Pacht oder Kaufgrundst\u00fcck erh\u00e4ltlich - Photovoltaikforum Erfahrungen im Solarforum","breadcrumb":{"@id":"https:\/\/forum-photovoltaik.de\/photovoltaikforum\/offer-diverse-freiflaechen-projektrechte-mit-pacht-oder-kaufgrundstueck-erhaeltlich-photovoltaikforum\/#breadcrumb"},"inLanguage":"de","potentialAction":[{"@type":"ReadAction","target":["https:\/\/forum-photovoltaik.de\/photovoltaikforum\/offer-diverse-freiflaechen-projektrechte-mit-pacht-oder-kaufgrundstueck-erhaeltlich-photovoltaikforum\/"]}]},{"@type":"BreadcrumbList","@id":"https:\/\/forum-photovoltaik.de\/photovoltaikforum\/offer-diverse-freiflaechen-projektrechte-mit-pacht-oder-kaufgrundstueck-erhaeltlich-photovoltaikforum\/#breadcrumb","itemListElement":[{"@type":"ListItem","position":1,"name":"Start","item":"https:\/\/forum-photovoltaik.de\/photovoltaikforum\/"},{"@type":"ListItem","position":2,"name":"Offer: Diverse Freifl\u00e4chen Projektrechte mit Pacht oder Kaufgrundst\u00fcck erh\u00e4ltlich &#8211; Photovoltaikforum"}]},{"@type":"WebSite","@id":"https:\/\/forum-photovoltaik.de\/photovoltaikforum\/#website","url":"https:\/\/forum-photovoltaik.de\/photovoltaikforum\/","name":"Photovoltaikforum","description":"Meinungsfreiheit und Austausch zum Thema Solar","potentialAction":[{"@type":"SearchAction","target":{"@type":"EntryPoint","urlTemplate":"https:\/\/forum-photovoltaik.de\/photovoltaikforum\/?s={search_term_string}"},"query-input":{"@type":"PropertyValueSpecification","valueRequired":true,"valueName":"search_term_string"}}],"inLanguage":"de"},{"@type":"Person","@id":"https:\/\/forum-photovoltaik.de\/photovoltaikforum\/#\/schema\/person\/36fea05166b7392b2973d49ea345024e","name":"Tom","image":{"@type":"ImageObject","inLanguage":"de","@id":"https:\/\/secure.gravatar.com\/avatar\/05671912a08b3219f4182b04a184d14a6d04f3f6c0ccc9fa118f15e8a825373f?s=96&d=mm&r=g","url":"https:\/\/secure.gravatar.com\/avatar\/05671912a08b3219f4182b04a184d14a6d04f3f6c0ccc9fa118f15e8a825373f?s=96&d=mm&r=g","contentUrl":"https:\/\/secure.gravatar.com\/avatar\/05671912a08b3219f4182b04a184d14a6d04f3f6c0ccc9fa118f15e8a825373f?s=96&d=mm&r=g","caption":"Tom"},"sameAs":["https:\/\/forum-photovoltaik.de\/photovoltaikforum"],"url":"https:\/\/forum-photovoltaik.de\/photovoltaikforum\/author\/tommi\/"}]}},"_links":{"self":[{"href":"https:\/\/forum-photovoltaik.de\/photovoltaikforum\/wp-json\/wp\/v2\/posts\/2260","targetHints":{"allow":["GET"]}}],"collection":[{"href":"https:\/\/forum-photovoltaik.de\/photovoltaikforum\/wp-json\/wp\/v2\/posts"}],"about":[{"href":"https:\/\/forum-photovoltaik.de\/photovoltaikforum\/wp-json\/wp\/v2\/types\/post"}],"author":[{"embeddable":true,"href":"https:\/\/forum-photovoltaik.de\/photovoltaikforum\/wp-json\/wp\/v2\/users\/1"}],"replies":[{"embeddable":true,"href":"https:\/\/forum-photovoltaik.de\/photovoltaikforum\/wp-json\/wp\/v2\/comments?post=2260"}],"version-history":[{"count":0,"href":"https:\/\/forum-photovoltaik.de\/photovoltaikforum\/wp-json\/wp\/v2\/posts\/2260\/revisions"}],"wp:attachment":[{"href":"https:\/\/forum-photovoltaik.de\/photovoltaikforum\/wp-json\/wp\/v2\/media?parent=2260"}],"wp:term":[{"taxonomy":"category","embeddable":true,"href":"https:\/\/forum-photovoltaik.de\/photovoltaikforum\/wp-json\/wp\/v2\/categories?post=2260"},{"taxonomy":"post_tag","embeddable":true,"href":"https:\/\/forum-photovoltaik.de\/photovoltaikforum\/wp-json\/wp\/v2\/tags?post=2260"}],"curies":[{"name":"wp","href":"https:\/\/api.w.org\/{rel}","templated":true}]}}